{"id":1319,"date":"2022-01-20T15:38:31","date_gmt":"2022-01-20T13:38:31","guid":{"rendered":"https:\/\/www.klein-avocats-aix.com\/?p=1319"},"modified":"2023-01-20T18:39:01","modified_gmt":"2023-01-20T16:39:01","slug":"vente-aux-encheres-sur-licitation-bien-lambesc","status":"publish","type":"post","link":"https:\/\/www.klein-avocats-aix.com\/en\/vente-aux-encheres-sur-licitation-bien-lambesc\/","title":{"rendered":"Vente aux ench\u00e8res sur Licitation Bien LAMBESC"},"content":{"rendered":"<div id='av_section_1'  class='avia-section av-b4iyt3-d136854109e22ce9ea0ca6958d1277ae main_color avia-section-default avia-no-border-styling  avia-builder-el-0  el_before_av_section  avia-builder-el-first  avia-bg-style-scroll container_wrap fullsize'  ><div class='container av-section-cont-open' ><main  role=\"main\" itemprop=\"mainContentOfPage\"  class='template-page content  av-content-full alpha units'><div class='post-entry post-entry-type-page post-entry-1319'><div class='entry-content-wrapper clearfix'>\n\n<style type=\"text\/css\" data-created_by=\"avia_inline_auto\" id=\"style-css-av-ld4kmsxf-631b297c79f03b6d05f6b3b171623ef7\">\n#top .av-special-heading.av-ld4kmsxf-631b297c79f03b6d05f6b3b171623ef7{\npadding-bottom:10px;\n}\nbody .av-special-heading.av-ld4kmsxf-631b297c79f03b6d05f6b3b171623ef7 .av-special-heading-tag .heading-char{\nfont-size:25px;\n}\n.av-special-heading.av-ld4kmsxf-631b297c79f03b6d05f6b3b171623ef7 .av-subheading{\nfont-size:15px;\n}\n<\/style>\n<div  class='av-special-heading av-ld4kmsxf-631b297c79f03b6d05f6b3b171623ef7 av-special-heading-h1 blockquote modern-quote modern-centered  avia-builder-el-1  el_before_av_image  avia-builder-el-first  av-thin-font'><div class='av-subheading av-subheading_above'><p><a href=\"https:\/\/www.klein-avocats-aix.com\/en\/category\/prochaines-ventes\/\" rel=\"tag\">PROCHAINES VENTES<\/a><\/p>\n<\/div><h1 class='av-special-heading-tag'  itemprop=\"headline\"  ><strong>Vente aux ench\u00e8res sur Licitation Bien LAMBESC<\/strong><\/h1><div class=\"special-heading-border\"><div class=\"special-heading-inner-border\"><\/div><\/div><\/div>\n\n<style type=\"text\/css\" data-created_by=\"avia_inline_auto\" id=\"style-css-av-ld4kunkd-5c1f51e1957a3350dab14603675a83cf\">\n.avia-image-container.av-ld4kunkd-5c1f51e1957a3350dab14603675a83cf img.avia_image{\nbox-shadow:none;\n}\n.avia-image-container.av-ld4kunkd-5c1f51e1957a3350dab14603675a83cf .av-image-caption-overlay-center{\ncolor:#ffffff;\n}\n<\/style>\n<div  class='avia-image-container av-ld4kunkd-5c1f51e1957a3350dab14603675a83cf av-styling- avia-align-center  avia-builder-el-2  el_after_av_heading  avia-builder-el-last'   itemprop=\"image\" itemscope=\"itemscope\" itemtype=\"https:\/\/schema.org\/ImageObject\" ><div class=\"avia-image-container-inner\"><div class=\"avia-image-overlay-wrap\"><img decoding=\"async\" class='wp-image-968 avia-img-lazy-loading-not-968 avia_image' src=\"https:\/\/www.klein-avocats-aix.com\/wp-content\/uploads\/2022\/12\/immobilier-cabinet-klein-aix-en-provence.jpg\" alt='' title='immobilier-cabinet-klein-aix-en-provence'  height=\"450\" width=\"800\"  itemprop=\"thumbnailUrl\" srcset=\"https:\/\/www.klein-avocats-aix.com\/wp-content\/uploads\/2022\/12\/immobilier-cabinet-klein-aix-en-provence.jpg 800w, https:\/\/www.klein-avocats-aix.com\/wp-content\/uploads\/2022\/12\/immobilier-cabinet-klein-aix-en-provence-300x169.jpg 300w, https:\/\/www.klein-avocats-aix.com\/wp-content\/uploads\/2022\/12\/immobilier-cabinet-klein-aix-en-provence-768x432.jpg 768w, https:\/\/www.klein-avocats-aix.com\/wp-content\/uploads\/2022\/12\/immobilier-cabinet-klein-aix-en-provence-705x397.jpg 705w\" sizes=\"(max-width: 800px) 100vw, 800px\" \/><\/div><\/div><\/div>\n<\/div><\/div><\/main><!-- close content main element --><\/div><\/div><div id='av_section_2'  class='avia-section av-93jnh3-d7de566c6a628710fd04b5cc47f2ae76 main_color avia-section-default avia-no-border-styling  avia-builder-el-3  el_after_av_section  avia-builder-el-last  avia-bg-style-scroll container_wrap fullsize'  ><div class='container av-section-cont-open' ><div class='template-page content  av-content-full alpha units'><div class='post-entry post-entry-type-page post-entry-1319'><div class='entry-content-wrapper clearfix'>\n<div class='flex_column av-70vw7r-5090ec688c92ccb35632abd05dcd47d3 av_one_fourth  avia-builder-el-4  el_before_av_one_half  avia-builder-el-first  first flex_column_div'     ><\/div><div class='flex_column av-j8z07-df23c9fe579d5c8901caf1e16d2af26e av_one_half  avia-builder-el-5  el_after_av_one_fourth  el_before_av_one_fourth  flex_column_div'     ><section  class='av_textblock_section av-4ivkzb-7d38020b03ed4448951659d2ac76018d'  itemscope=\"itemscope\" itemtype=\"https:\/\/schema.org\/BlogPosting\" itemprop=\"blogPost\" ><div class='avia_textblock'  itemprop=\"text\" ><section class=\"av_textblock_section av-l8d5dp7g-21eb3a33a9ccba2588271c16e3fd25bf\">\n<div class=\"avia_textblock\">\n<p><strong><em>Description du Bien aux ench\u00e8res<\/em><\/strong><\/p>\n<\/div>\n<\/section>\n<section class=\"av_textblock_section av-l8d5lv4x-f13c3e79aab4fdb679c1ffcbf443a6c1\">\n<div class=\"avia_textblock\">\n<p><strong>SUR<\/strong><strong>\u00a0LA COMMUNE DE LAMBESC (13410)<\/strong><\/p>\n<p>Les droits et biens immobiliers cadastr\u00e9s section 50 BD n\u00b084, 85, 86, pour une contenance<br \/>\nde 26 ares 42 centiares et toutes constructions y \u00e9difi\u00e9es, \u00e0 savoir une maison individuelle de 59,85 m\u00b2 sise , 5084 Chemin du Coussou, Quartier du Greou<\/p>\n<ul>\n<li>Mise \u00e0 Prix :<strong>\u00a0230.000,00 \u20ac<br \/>\navec facult\u00e9 de baisse de moiti\u00e9 en cas de carence d\u2019ench\u00e8re<br \/>\n<\/strong><\/li>\n<li>Frais pr\u00e9alables :\u00a0<strong>\u20ac<\/strong><\/li>\n<li>La visite du bien se fera\u00a0<strong>Mardi 18 octobre 2022 de 14h00 \u00e0 15h00<\/strong><\/li>\n<\/ul>\n<\/div>\n<\/section>\n<\/div><\/section><br \/>\n<div  class='avia-buttonrow-wrap av-ld4l0wp8-897f3cefb966ccc85dadee7600c0d8cc avia-buttonrow-center  avia-builder-el-7  el_after_av_textblock  el_before_av_social_share'>\n\n<style type=\"text\/css\" data-created_by=\"avia_inline_auto\" id=\"style-css-av-ld4ky9d6-e785db238672f6f8b502fdc38b9819ca\">\n#top #wrap_all .avia-button.av-ld4ky9d6-e785db238672f6f8b502fdc38b9819ca{\nmargin-bottom:5px;\nmargin-right:3px;\nmargin-left:3px;\n}\n<\/style>\n<a href='https:\/\/www.klein-avocats-aix.com\/wp-content\/uploads\/2023\/01\/PDV-Lambesc.pdf' class='avia-button av-ld4ky9d6-e785db238672f6f8b502fdc38b9819ca avia-icon_select-yes-left-icon avia-size-small av-icon-on-hover avia-color-theme-color' target=\"_blank\" rel=\"noopener noreferrer\"><span class='avia_button_icon avia_button_icon_left' aria-hidden='true' data-av_icon='\ue823' data-av_iconfont='entypo-fontello'><\/span><span class='avia_iconbox_title' >T\u00e9l\u00e9charger le PV descriptif<\/span><\/a>\n\n<style type=\"text\/css\" data-created_by=\"avia_inline_auto\" id=\"style-css-av-ld4ky9d6-9-ab3140b4f37b143b22c51b644bdd4911\">\n#top #wrap_all .avia-button.av-ld4ky9d6-9-ab3140b4f37b143b22c51b644bdd4911{\nmargin-bottom:5px;\nmargin-right:3px;\nmargin-left:3px;\n}\n<\/style>\n<a href='https:\/\/www.klein-avocats-aix.com\/wp-content\/uploads\/2023\/01\/Placard-simplifie.pdf' class='avia-button av-ld4ky9d6-9-ab3140b4f37b143b22c51b644bdd4911 avia-icon_select-yes-left-icon avia-size-small av-icon-on-hover avia-color-theme-color' target=\"_blank\" rel=\"noopener noreferrer\"><span class='avia_button_icon avia_button_icon_left' aria-hidden='true' data-av_icon='\ue823' data-av_iconfont='entypo-fontello'><\/span><span class='avia_iconbox_title' >T\u00e9l\u00e9charger l\u2019affiche de la vente<\/span><\/a>\n\n<style type=\"text\/css\" data-created_by=\"avia_inline_auto\" id=\"style-css-av-ld4ky9d6-8-818e874486bf155614fd38a285ebf785\">\n#top #wrap_all .avia-button.av-ld4ky9d6-8-818e874486bf155614fd38a285ebf785{\nmargin-bottom:5px;\nmargin-right:3px;\nmargin-left:3px;\n}\n<\/style>\n<a href='https:\/\/www.klein-avocats-aix.com\/wp-content\/uploads\/2023\/01\/CCV-SUR-LICITATION-.docx.pdf' class='avia-button av-ld4ky9d6-8-818e874486bf155614fd38a285ebf785 avia-icon_select-yes-left-icon avia-size-small av-icon-on-hover avia-color-theme-color' target=\"_blank\" rel=\"noopener noreferrer\"><span class='avia_button_icon avia_button_icon_left' aria-hidden='true' data-av_icon='\ue823' data-av_iconfont='entypo-fontello'><\/span><span class='avia_iconbox_title' >T\u00e9l\u00e9charger les CGV<\/span><\/a>\n\n<style type=\"text\/css\" data-created_by=\"avia_inline_auto\" id=\"style-css-av-ld4ky9d6-7-7c2ed2b8a33926272490f98615ffa615\">\n#top #wrap_all .avia-button.av-ld4ky9d6-7-7c2ed2b8a33926272490f98615ffa615{\nmargin-bottom:5px;\nmargin-right:3px;\nmargin-left:3px;\n}\n<\/style>\n<a href='https:\/\/www.klein-avocats-aix.com\/wp-content\/uploads\/2023\/01\/Diag-Lambesc.pdf' class='avia-button av-ld4ky9d6-7-7c2ed2b8a33926272490f98615ffa615 avia-icon_select-yes-left-icon avia-size-small av-icon-on-hover avia-color-theme-color' target=\"_blank\" rel=\"noopener noreferrer\"><span class='avia_button_icon avia_button_icon_left' aria-hidden='true' data-av_icon='\ue823' data-av_iconfont='entypo-fontello'><\/span><span class='avia_iconbox_title' >T\u00e9l\u00e9charger les diagnostics<\/span><\/a>\n<\/div><br \/>\n<div  class='av-social-sharing-box av-ld4l6ya5-4e9a8b9ae3b397f448e5683d205248a1 av-social-sharing-box-default  avia-builder-el-8  el_after_av_buttonrow  avia-builder-el-last  av-social-sharing-box-fullwidth'><div class=\"av-share-box\"><h5 class='av-share-link-description av-no-toc'>Partager cet entr\u00e9e<\/h5><ul class=\"av-share-box-list noLightbox\"><li class='av-share-link av-social-link-facebook' ><a target=\"_blank\" aria-label=\"Share on Facebook\" href='https:\/\/www.facebook.com\/sharer.php?u=https:\/\/www.klein-avocats-aix.com\/en\/vente-aux-encheres-sur-licitation-bien-lambesc\/&#038;t=Vente%20aux%20ench%C3%A8res%20sur%20Licitation%20Bien%20LAMBESC' aria-hidden='false' data-av_icon='\ue8f3' data-av_iconfont='entypo-fontello' title='' data-avia-related-tooltip='Share on Facebook' rel=\"noopener\"><span class='avia_hidden_link_text'>Share on Facebook<\/span><\/a><\/li><li class='av-share-link av-social-link-twitter' ><a target=\"_blank\" aria-label=\"Share on Twitter\" href='https:\/\/twitter.com\/share?text=Vente%20aux%20ench%C3%A8res%20sur%20Licitation%20Bien%20LAMBESC&#038;url=https:\/\/www.klein-avocats-aix.com\/en\/?p=1319' aria-hidden='false' data-av_icon='\ue8f1' data-av_iconfont='entypo-fontello' title='' data-avia-related-tooltip='Share on Twitter' rel=\"noopener\"><span class='avia_hidden_link_text'>Share on Twitter<\/span><\/a><\/li><li class='av-share-link av-social-link-pinterest' ><a target=\"_blank\" aria-label=\"Share on Pinterest\" href='https:\/\/pinterest.com\/pin\/create\/button\/?url=https%3A%2F%2Fwww.klein-avocats-aix.com%2Fen%2Fvente-aux-encheres-sur-licitation-bien-lambesc%2F&#038;description=Vente%20aux%20ench%C3%A8res%20sur%20Licitation%20Bien%20LAMBESC&#038;media=https%3A%2F%2Fwww.klein-avocats-aix.com%2Fwp-content%2Fuploads%2F2022%2F12%2Fimmobilier-cabinet-klein-aix-en-provence-705x397.jpg' aria-hidden='false' data-av_icon='\ue8f8' data-av_iconfont='entypo-fontello' title='' data-avia-related-tooltip='Share on Pinterest' rel=\"noopener\"><span class='avia_hidden_link_text'>Share on Pinterest<\/span><\/a><\/li><li class='av-share-link av-social-link-reddit' ><a target=\"_blank\" aria-label=\"Share on Reddit\" href='https:\/\/reddit.com\/submit?url=https:\/\/www.klein-avocats-aix.com\/en\/vente-aux-encheres-sur-licitation-bien-lambesc\/&#038;title=Vente%20aux%20ench%C3%A8res%20sur%20Licitation%20Bien%20LAMBESC' aria-hidden='false' data-av_icon='\ue927' data-av_iconfont='entypo-fontello' title='' data-avia-related-tooltip='Share on Reddit' rel=\"noopener\"><span class='avia_hidden_link_text'>Share on Reddit<\/span><\/a><\/li><\/ul><\/div><\/div><\/p><\/div><div class='flex_column av-2xttsn-04a7678c5a71cfb9e49aa77b66e62fe4 av_one_fourth  avia-builder-el-9  el_after_av_one_half  avia-builder-el-last  flex_column_div'     ><\/div>\n<\/p>","protected":false},"excerpt":{"rendered":"<p>Welcome my Friends! This is your first post. Edit or delete it, then start blogging!<\/p>","protected":false},"author":3,"featured_media":968,"comment_status":"closed","ping_status":"closed","sticky":false,"template":"","format":"standard","meta":{"footnotes":""},"categories":[21],"tags":[],"class_list":["post-1319","post","type-post","status-publish","format-standard","has-post-thumbnail","hentry","category-prochaines-ventes"],"yoast_head":"<!-- This site is optimized with the Yoast SEO plugin v26.3 - https:\/\/yoast.com\/wordpress\/plugins\/seo\/ -->\n<title>Vente aux ench\u00e8res sur Licitation Bien LAMBESC - Cabinet Klein<\/title>\n<meta name=\"robots\" content=\"index, follow, max-snippet:-1, max-image-preview:large, max-video-preview:-1\" \/>\n<link rel=\"canonical\" href=\"https:\/\/www.klein-avocats-aix.com\/en\/vente-aux-encheres-sur-licitation-bien-lambesc\/\" \/>\n<meta property=\"og:locale\" content=\"en_GB\" \/>\n<meta property=\"og:type\" content=\"article\" \/>\n<meta property=\"og:title\" content=\"Vente aux ench\u00e8res sur Licitation Bien LAMBESC - Cabinet Klein\" \/>\n<meta property=\"og:description\" content=\"Welcome my Friends! This is your first post. Edit or delete it, then start blogging!\" \/>\n<meta property=\"og:url\" content=\"https:\/\/www.klein-avocats-aix.com\/en\/vente-aux-encheres-sur-licitation-bien-lambesc\/\" \/>\n<meta property=\"og:site_name\" content=\"Cabinet Klein\" \/>\n<meta property=\"article:published_time\" content=\"2022-01-20T13:38:31+00:00\" \/>\n<meta property=\"article:modified_time\" content=\"2023-01-20T16:39:01+00:00\" \/>\n<meta property=\"og:image\" content=\"https:\/\/www.klein-avocats-aix.com\/wp-content\/uploads\/2022\/12\/immobilier-cabinet-klein-aix-en-provence.jpg\" \/>\n\t<meta property=\"og:image:width\" content=\"800\" \/>\n\t<meta property=\"og:image:height\" content=\"450\" \/>\n\t<meta property=\"og:image:type\" content=\"image\/jpeg\" \/>\n<meta name=\"author\" content=\"TABEGG\" \/>\n<meta name=\"twitter:card\" content=\"summary_large_image\" \/>\n<meta name=\"twitter:label1\" content=\"Written by\" \/>\n\t<meta name=\"twitter:data1\" content=\"TABEGG\" \/>\n\t<meta name=\"twitter:label2\" content=\"Estimated reading time\" \/>\n\t<meta name=\"twitter:data2\" content=\"15 minutes\" \/>\n<script type=\"application\/ld+json\" class=\"yoast-schema-graph\">{\"@context\":\"https:\/\/schema.org\",\"@graph\":[{\"@type\":\"WebPage\",\"@id\":\"https:\/\/www.klein-avocats-aix.com\/vente-aux-encheres-sur-licitation-bien-lambesc\/\",\"url\":\"https:\/\/www.klein-avocats-aix.com\/vente-aux-encheres-sur-licitation-bien-lambesc\/\",\"name\":\"Vente aux ench\u00e8res sur Licitation Bien LAMBESC - Cabinet Klein\",\"isPartOf\":{\"@id\":\"https:\/\/www.klein-avocats-aix.com\/#website\"},\"primaryImageOfPage\":{\"@id\":\"https:\/\/www.klein-avocats-aix.com\/vente-aux-encheres-sur-licitation-bien-lambesc\/#primaryimage\"},\"image\":{\"@id\":\"https:\/\/www.klein-avocats-aix.com\/vente-aux-encheres-sur-licitation-bien-lambesc\/#primaryimage\"},\"thumbnailUrl\":\"https:\/\/www.klein-avocats-aix.com\/wp-content\/uploads\/2022\/12\/immobilier-cabinet-klein-aix-en-provence.jpg\",\"datePublished\":\"2022-01-20T13:38:31+00:00\",\"dateModified\":\"2023-01-20T16:39:01+00:00\",\"author\":{\"@id\":\"https:\/\/www.klein-avocats-aix.com\/#\/schema\/person\/5d821a73f81a8c1cd90e7dc9cb1e7e47\"},\"breadcrumb\":{\"@id\":\"https:\/\/www.klein-avocats-aix.com\/vente-aux-encheres-sur-licitation-bien-lambesc\/#breadcrumb\"},\"inLanguage\":\"en-GB\",\"potentialAction\":[{\"@type\":\"ReadAction\",\"target\":[\"https:\/\/www.klein-avocats-aix.com\/vente-aux-encheres-sur-licitation-bien-lambesc\/\"]}]},{\"@type\":\"ImageObject\",\"inLanguage\":\"en-GB\",\"@id\":\"https:\/\/www.klein-avocats-aix.com\/vente-aux-encheres-sur-licitation-bien-lambesc\/#primaryimage\",\"url\":\"https:\/\/www.klein-avocats-aix.com\/wp-content\/uploads\/2022\/12\/immobilier-cabinet-klein-aix-en-provence.jpg\",\"contentUrl\":\"https:\/\/www.klein-avocats-aix.com\/wp-content\/uploads\/2022\/12\/immobilier-cabinet-klein-aix-en-provence.jpg\",\"width\":800,\"height\":450},{\"@type\":\"BreadcrumbList\",\"@id\":\"https:\/\/www.klein-avocats-aix.com\/vente-aux-encheres-sur-licitation-bien-lambesc\/#breadcrumb\",\"itemListElement\":[{\"@type\":\"ListItem\",\"position\":1,\"name\":\"Accueil\",\"item\":\"https:\/\/www.klein-avocats-aix.com\/\"},{\"@type\":\"ListItem\",\"position\":2,\"name\":\"Vente aux ench\u00e8res sur Licitation Bien LAMBESC\"}]},{\"@type\":\"WebSite\",\"@id\":\"https:\/\/www.klein-avocats-aix.com\/#website\",\"url\":\"https:\/\/www.klein-avocats-aix.com\/\",\"name\":\"Cabinet Klein\",\"description\":\"Avocats \u00e0 Aix-en-Provence\",\"potentialAction\":[{\"@type\":\"SearchAction\",\"target\":{\"@type\":\"EntryPoint\",\"urlTemplate\":\"https:\/\/www.klein-avocats-aix.com\/?s={search_term_string}\"},\"query-input\":{\"@type\":\"PropertyValueSpecification\",\"valueRequired\":true,\"valueName\":\"search_term_string\"}}],\"inLanguage\":\"en-GB\"},{\"@type\":\"Person\",\"@id\":\"https:\/\/www.klein-avocats-aix.com\/#\/schema\/person\/5d821a73f81a8c1cd90e7dc9cb1e7e47\",\"name\":\"TABEGG\",\"image\":{\"@type\":\"ImageObject\",\"inLanguage\":\"en-GB\",\"@id\":\"https:\/\/www.klein-avocats-aix.com\/#\/schema\/person\/image\/\",\"url\":\"https:\/\/secure.gravatar.com\/avatar\/96d227ea8b92122d8fa64ca472540e3e06148e21fed42195ee82e6a86824c8a4?s=96&d=mm&r=g\",\"contentUrl\":\"https:\/\/secure.gravatar.com\/avatar\/96d227ea8b92122d8fa64ca472540e3e06148e21fed42195ee82e6a86824c8a4?s=96&d=mm&r=g\",\"caption\":\"TABEGG\"},\"url\":\"https:\/\/www.klein-avocats-aix.com\/en\/author\/tabegg\/\"}]}<\/script>\n<!-- \/ Yoast SEO plugin. -->","yoast_head_json":{"title":"Vente aux ench\u00e8res sur Licitation Bien LAMBESC - Cabinet Klein","robots":{"index":"index","follow":"follow","max-snippet":"max-snippet:-1","max-image-preview":"max-image-preview:large","max-video-preview":"max-video-preview:-1"},"canonical":"https:\/\/www.klein-avocats-aix.com\/en\/vente-aux-encheres-sur-licitation-bien-lambesc\/","og_locale":"en_GB","og_type":"article","og_title":"Vente aux ench\u00e8res sur Licitation Bien LAMBESC - Cabinet Klein","og_description":"Welcome my Friends! This is your first post. Edit or delete it, then start blogging!","og_url":"https:\/\/www.klein-avocats-aix.com\/en\/vente-aux-encheres-sur-licitation-bien-lambesc\/","og_site_name":"Cabinet Klein","article_published_time":"2022-01-20T13:38:31+00:00","article_modified_time":"2023-01-20T16:39:01+00:00","og_image":[{"width":800,"height":450,"url":"https:\/\/www.klein-avocats-aix.com\/wp-content\/uploads\/2022\/12\/immobilier-cabinet-klein-aix-en-provence.jpg","type":"image\/jpeg"}],"author":"TABEGG","twitter_card":"summary_large_image","twitter_misc":{"Written by":"TABEGG","Estimated reading time":"15 minutes"},"schema":{"@context":"https:\/\/schema.org","@graph":[{"@type":"WebPage","@id":"https:\/\/www.klein-avocats-aix.com\/vente-aux-encheres-sur-licitation-bien-lambesc\/","url":"https:\/\/www.klein-avocats-aix.com\/vente-aux-encheres-sur-licitation-bien-lambesc\/","name":"Vente aux ench\u00e8res sur Licitation Bien LAMBESC - Cabinet Klein","isPartOf":{"@id":"https:\/\/www.klein-avocats-aix.com\/#website"},"primaryImageOfPage":{"@id":"https:\/\/www.klein-avocats-aix.com\/vente-aux-encheres-sur-licitation-bien-lambesc\/#primaryimage"},"image":{"@id":"https:\/\/www.klein-avocats-aix.com\/vente-aux-encheres-sur-licitation-bien-lambesc\/#primaryimage"},"thumbnailUrl":"https:\/\/www.klein-avocats-aix.com\/wp-content\/uploads\/2022\/12\/immobilier-cabinet-klein-aix-en-provence.jpg","datePublished":"2022-01-20T13:38:31+00:00","dateModified":"2023-01-20T16:39:01+00:00","author":{"@id":"https:\/\/www.klein-avocats-aix.com\/#\/schema\/person\/5d821a73f81a8c1cd90e7dc9cb1e7e47"},"breadcrumb":{"@id":"https:\/\/www.klein-avocats-aix.com\/vente-aux-encheres-sur-licitation-bien-lambesc\/#breadcrumb"},"inLanguage":"en-GB","potentialAction":[{"@type":"ReadAction","target":["https:\/\/www.klein-avocats-aix.com\/vente-aux-encheres-sur-licitation-bien-lambesc\/"]}]},{"@type":"ImageObject","inLanguage":"en-GB","@id":"https:\/\/www.klein-avocats-aix.com\/vente-aux-encheres-sur-licitation-bien-lambesc\/#primaryimage","url":"https:\/\/www.klein-avocats-aix.com\/wp-content\/uploads\/2022\/12\/immobilier-cabinet-klein-aix-en-provence.jpg","contentUrl":"https:\/\/www.klein-avocats-aix.com\/wp-content\/uploads\/2022\/12\/immobilier-cabinet-klein-aix-en-provence.jpg","width":800,"height":450},{"@type":"BreadcrumbList","@id":"https:\/\/www.klein-avocats-aix.com\/vente-aux-encheres-sur-licitation-bien-lambesc\/#breadcrumb","itemListElement":[{"@type":"ListItem","position":1,"name":"Accueil","item":"https:\/\/www.klein-avocats-aix.com\/"},{"@type":"ListItem","position":2,"name":"Vente aux ench\u00e8res sur Licitation Bien LAMBESC"}]},{"@type":"WebSite","@id":"https:\/\/www.klein-avocats-aix.com\/#website","url":"https:\/\/www.klein-avocats-aix.com\/","name":"Cabinet Klein","description":"Avocats \u00e0 Aix-en-Provence","potentialAction":[{"@type":"SearchAction","target":{"@type":"EntryPoint","urlTemplate":"https:\/\/www.klein-avocats-aix.com\/?s={search_term_string}"},"query-input":{"@type":"PropertyValueSpecification","valueRequired":true,"valueName":"search_term_string"}}],"inLanguage":"en-GB"},{"@type":"Person","@id":"https:\/\/www.klein-avocats-aix.com\/#\/schema\/person\/5d821a73f81a8c1cd90e7dc9cb1e7e47","name":"TABEGG","image":{"@type":"ImageObject","inLanguage":"en-GB","@id":"https:\/\/www.klein-avocats-aix.com\/#\/schema\/person\/image\/","url":"https:\/\/secure.gravatar.com\/avatar\/96d227ea8b92122d8fa64ca472540e3e06148e21fed42195ee82e6a86824c8a4?s=96&d=mm&r=g","contentUrl":"https:\/\/secure.gravatar.com\/avatar\/96d227ea8b92122d8fa64ca472540e3e06148e21fed42195ee82e6a86824c8a4?s=96&d=mm&r=g","caption":"TABEGG"},"url":"https:\/\/www.klein-avocats-aix.com\/en\/author\/tabegg\/"}]}},"_links":{"self":[{"href":"https:\/\/www.klein-avocats-aix.com\/en\/wp-json\/wp\/v2\/posts\/1319","targetHints":{"allow":["GET"]}}],"collection":[{"href":"https:\/\/www.klein-avocats-aix.com\/en\/wp-json\/wp\/v2\/posts"}],"about":[{"href":"https:\/\/www.klein-avocats-aix.com\/en\/wp-json\/wp\/v2\/types\/post"}],"author":[{"embeddable":true,"href":"https:\/\/www.klein-avocats-aix.com\/en\/wp-json\/wp\/v2\/users\/3"}],"replies":[{"embeddable":true,"href":"https:\/\/www.klein-avocats-aix.com\/en\/wp-json\/wp\/v2\/comments?post=1319"}],"version-history":[{"count":8,"href":"https:\/\/www.klein-avocats-aix.com\/en\/wp-json\/wp\/v2\/posts\/1319\/revisions"}],"predecessor-version":[{"id":1340,"href":"https:\/\/www.klein-avocats-aix.com\/en\/wp-json\/wp\/v2\/posts\/1319\/revisions\/1340"}],"wp:featuredmedia":[{"embeddable":true,"href":"https:\/\/www.klein-avocats-aix.com\/en\/wp-json\/wp\/v2\/media\/968"}],"wp:attachment":[{"href":"https:\/\/www.klein-avocats-aix.com\/en\/wp-json\/wp\/v2\/media?parent=1319"}],"wp:term":[{"taxonomy":"category","embeddable":true,"href":"https:\/\/www.klein-avocats-aix.com\/en\/wp-json\/wp\/v2\/categories?post=1319"},{"taxonomy":"post_tag","embeddable":true,"href":"https:\/\/www.klein-avocats-aix.com\/en\/wp-json\/wp\/v2\/tags?post=1319"}],"curies":[{"name":"wp","href":"https:\/\/api.w.org\/{rel}","templated":true}]}}